{"id":499,"date":"2022-02-23T23:05:00","date_gmt":"2022-02-23T22:05:00","guid":{"rendered":"https:\/\/grangeduchateau.be\/?p=499"},"modified":"2022-12-20T09:22:48","modified_gmt":"2022-12-20T08:22:48","slug":"la-grange-du-chateau-dans-la-presse","status":"publish","type":"post","link":"https:\/\/grangeduchateau.be\/?p=499","title":{"rendered":"La grange du Ch\u00e2teau dans la presse"},"content":{"rendered":"\n<p>Nord Eclair 13\/03\/2022<\/p>\n\n\n\n<figure class=\"wp-block-image size-large\"><a href=\"https:\/\/nordeclair-mouscron.sudinfo.be\/920349\/article\/2022-03-13\/sophie-et-thierry-ouvrent-un-gite-dans-la-grange-en-face-du-chateau-destaimbourg\"><img fetchpriority=\"high\" decoding=\"async\" width=\"1024\" height=\"933\" src=\"https:\/\/grangeduchateau.be\/wp-content\/uploads\/2022\/03\/Nordeclair13_03_2022journal-1024x933.png\" alt=\"\" class=\"wp-image-495\"\/><\/a><figcaption class=\"wp-element-caption\">Nord Eclair 13\/03\/2022<\/figcaption><\/figure>\n\n\n\n<div align=\"center\"><iframe src=\"\/\/www.ultimedia.com\/deliver\/generic\/iframe\/mdtk\/01515498\/src\/q3sp85u\/zone\/43\/showtitle\/1\/\" frameborder=\"0\" scrolling=\"no\" marginwidth=\"0\" marginheight=\"0\" hspace=\"0\" vspace=\"0\" webkitallowfullscreen=\"true\" mozallowfullscreen=\"true\" allowfullscreen=\"true\" width=\"620\" height=\"349\" allow=\"autoplay; fullscreen\"><\/iframe><\/div>\n\n\n\n<p> <\/p>\n\n\n\n<p><\/p>\n\n\n\n<p class=\"has-text-align-left\">L&rsquo;avenir du 23\/02\/2022<\/p>\n\n\n\n<figure class=\"wp-block-image size-large is-resized\"><a href=\"https:\/\/www.lavenir.net\/cnt\/dmf20220223_01667063\/sur-la-place-d-estaimbourg-la-grange-s-est-metamorphosee-en-gite\"><img decoding=\"async\" src=\"https:\/\/grangeduchateau.be\/wp-content\/uploads\/2022\/03\/lavenir23_02_22_image-791x1024.png\" alt=\"\" class=\"wp-image-493\" width=\"829\" height=\"1074\" srcset=\"https:\/\/grangeduchateau.be\/wp-content\/uploads\/2022\/03\/lavenir23_02_22_image-791x1024.png 791w, https:\/\/grangeduchateau.be\/wp-content\/uploads\/2022\/03\/lavenir23_02_22_image-232x300.png 232w, https:\/\/grangeduchateau.be\/wp-content\/uploads\/2022\/03\/lavenir23_02_22_image-768x994.png 768w, https:\/\/grangeduchateau.be\/wp-content\/uploads\/2022\/03\/lavenir23_02_22_image-1187x1536.png 1187w, https:\/\/grangeduchateau.be\/wp-content\/uploads\/2022\/03\/lavenir23_02_22_image-1140x1475.png 1140w, https:\/\/grangeduchateau.be\/wp-content\/uploads\/2022\/03\/lavenir23_02_22_image.png 1275w\" sizes=\"(max-width: 829px) 100vw, 829px\" \/><\/a><figcaption class=\"wp-element-caption\">L&rsquo;avenir du 23\/02\/2022<\/figcaption><\/figure>\n","protected":false},"excerpt":{"rendered":"<p>Nord Eclair 13\/03\/2022 L&rsquo;avenir du 23\/02\/2022<\/p>\n","protected":false},"author":1,"featured_media":495,"comment_status":"closed","ping_status":"open","sticky":false,"template":"","format":"standard","meta":{"footnotes":""},"categories":[15],"tags":[],"class_list":["post-499","post","type-post","status-publish","format-standard","has-post-thumbnail","hentry","category-presse"],"yoast_head":"<!-- This site is optimized with the Yoast SEO plugin v27.5 - https:\/\/yoast.com\/product\/yoast-seo-wordpress\/ -->\n<title>La grange du Ch\u00e2teau dans la presse - La Grange du Ch\u00e2teau<\/title>\n<meta name=\"robots\" content=\"index, follow, max-snippet:-1, max-image-preview:large, max-video-preview:-1\" \/>\n<link rel=\"canonical\" href=\"https:\/\/grangeduchateau.be\/?p=499\" \/>\n<meta property=\"og:locale\" content=\"fr_FR\" \/>\n<meta property=\"og:type\" content=\"article\" \/>\n<meta property=\"og:title\" content=\"La grange du Ch\u00e2teau dans la presse - La Grange du Ch\u00e2teau\" \/>\n<meta property=\"og:description\" content=\"Nord Eclair 13\/03\/2022 L&rsquo;avenir du 23\/02\/2022\" \/>\n<meta property=\"og:url\" content=\"https:\/\/grangeduchateau.be\/?p=499\" \/>\n<meta property=\"og:site_name\" content=\"La Grange du Ch\u00e2teau\" \/>\n<meta property=\"article:publisher\" content=\"https:\/\/www.facebook.com\/Lagrangeduchateau\" \/>\n<meta property=\"article:published_time\" content=\"2022-02-23T22:05:00+00:00\" \/>\n<meta property=\"article:modified_time\" content=\"2022-12-20T08:22:48+00:00\" \/>\n<meta property=\"og:image\" content=\"https:\/\/grangeduchateau.be\/wp-content\/uploads\/2022\/03\/Nordeclair13_03_2022journal-e1647209671522.png\" \/>\n\t<meta property=\"og:image:width\" content=\"849\" \/>\n\t<meta property=\"og:image:height\" content=\"699\" \/>\n\t<meta property=\"og:image:type\" content=\"image\/png\" \/>\n<meta name=\"author\" content=\"Thierry\" \/>\n<meta name=\"twitter:card\" content=\"summary_large_image\" \/>\n<meta name=\"twitter:label1\" content=\"\u00c9crit par\" \/>\n\t<meta name=\"twitter:data1\" content=\"Thierry\" \/>\n\t<meta name=\"twitter:label2\" content=\"Dur\u00e9e de lecture estim\u00e9e\" \/>\n\t<meta name=\"twitter:data2\" content=\"1 minute\" \/>\n<script type=\"application\/ld+json\" class=\"yoast-schema-graph\">{\"@context\":\"https:\\\/\\\/schema.org\",\"@graph\":[{\"@type\":\"Article\",\"@id\":\"https:\\\/\\\/grangeduchateau.be\\\/?p=499#article\",\"isPartOf\":{\"@id\":\"https:\\\/\\\/grangeduchateau.be\\\/?p=499\"},\"author\":{\"name\":\"Thierry\",\"@id\":\"https:\\\/\\\/grangeduchateau.be\\\/#\\\/schema\\\/person\\\/6046893eb1f520000c36f0a8c6a5fe8c\"},\"headline\":\"La grange du Ch\u00e2teau dans la presse\",\"datePublished\":\"2022-02-23T22:05:00+00:00\",\"dateModified\":\"2022-12-20T08:22:48+00:00\",\"mainEntityOfPage\":{\"@id\":\"https:\\\/\\\/grangeduchateau.be\\\/?p=499\"},\"wordCount\":18,\"publisher\":{\"@id\":\"https:\\\/\\\/grangeduchateau.be\\\/#organization\"},\"image\":{\"@id\":\"https:\\\/\\\/grangeduchateau.be\\\/?p=499#primaryimage\"},\"thumbnailUrl\":\"https:\\\/\\\/grangeduchateau.be\\\/wp-content\\\/uploads\\\/2022\\\/03\\\/Nordeclair13_03_2022journal-e1647209671522.png\",\"articleSection\":[\"Presse\"],\"inLanguage\":\"fr-FR\"},{\"@type\":\"WebPage\",\"@id\":\"https:\\\/\\\/grangeduchateau.be\\\/?p=499\",\"url\":\"https:\\\/\\\/grangeduchateau.be\\\/?p=499\",\"name\":\"La grange du Ch\u00e2teau dans la presse - La Grange du Ch\u00e2teau\",\"isPartOf\":{\"@id\":\"https:\\\/\\\/grangeduchateau.be\\\/#website\"},\"primaryImageOfPage\":{\"@id\":\"https:\\\/\\\/grangeduchateau.be\\\/?p=499#primaryimage\"},\"image\":{\"@id\":\"https:\\\/\\\/grangeduchateau.be\\\/?p=499#primaryimage\"},\"thumbnailUrl\":\"https:\\\/\\\/grangeduchateau.be\\\/wp-content\\\/uploads\\\/2022\\\/03\\\/Nordeclair13_03_2022journal-e1647209671522.png\",\"datePublished\":\"2022-02-23T22:05:00+00:00\",\"dateModified\":\"2022-12-20T08:22:48+00:00\",\"breadcrumb\":{\"@id\":\"https:\\\/\\\/grangeduchateau.be\\\/?p=499#breadcrumb\"},\"inLanguage\":\"fr-FR\",\"potentialAction\":[{\"@type\":\"ReadAction\",\"target\":[\"https:\\\/\\\/grangeduchateau.be\\\/?p=499\"]}]},{\"@type\":\"ImageObject\",\"inLanguage\":\"fr-FR\",\"@id\":\"https:\\\/\\\/grangeduchateau.be\\\/?p=499#primaryimage\",\"url\":\"https:\\\/\\\/grangeduchateau.be\\\/wp-content\\\/uploads\\\/2022\\\/03\\\/Nordeclair13_03_2022journal-e1647209671522.png\",\"contentUrl\":\"https:\\\/\\\/grangeduchateau.be\\\/wp-content\\\/uploads\\\/2022\\\/03\\\/Nordeclair13_03_2022journal-e1647209671522.png\",\"width\":849,\"height\":699},{\"@type\":\"BreadcrumbList\",\"@id\":\"https:\\\/\\\/grangeduchateau.be\\\/?p=499#breadcrumb\",\"itemListElement\":[{\"@type\":\"ListItem\",\"position\":1,\"name\":\"Accueil\",\"item\":\"https:\\\/\\\/grangeduchateau.be\\\/\"},{\"@type\":\"ListItem\",\"position\":2,\"name\":\"La grange du Ch\u00e2teau dans la presse\"}]},{\"@type\":\"WebSite\",\"@id\":\"https:\\\/\\\/grangeduchateau.be\\\/#website\",\"url\":\"https:\\\/\\\/grangeduchateau.be\\\/\",\"name\":\"La Grange du Ch\u00e2teau\",\"description\":\"Bienvenue au G\u00eete La Grange du Ch\u00e2teau \u00e0 Estaimbourg\",\"publisher\":{\"@id\":\"https:\\\/\\\/grangeduchateau.be\\\/#organization\"},\"potentialAction\":[{\"@type\":\"SearchAction\",\"target\":{\"@type\":\"EntryPoint\",\"urlTemplate\":\"https:\\\/\\\/grangeduchateau.be\\\/?s={search_term_string}\"},\"query-input\":{\"@type\":\"PropertyValueSpecification\",\"valueRequired\":true,\"valueName\":\"search_term_string\"}}],\"inLanguage\":\"fr-FR\"},{\"@type\":\"Organization\",\"@id\":\"https:\\\/\\\/grangeduchateau.be\\\/#organization\",\"name\":\"G\u00eete La Grange du Ch\u00e2teau\",\"url\":\"https:\\\/\\\/grangeduchateau.be\\\/\",\"logo\":{\"@type\":\"ImageObject\",\"inLanguage\":\"fr-FR\",\"@id\":\"https:\\\/\\\/grangeduchateau.be\\\/#\\\/schema\\\/logo\\\/image\\\/\",\"url\":\"https:\\\/\\\/grangeduchateau.be\\\/wp-content\\\/uploads\\\/2021\\\/11\\\/logo_vf_enattentedapprobation_Plan-de-travail-1.png\",\"contentUrl\":\"https:\\\/\\\/grangeduchateau.be\\\/wp-content\\\/uploads\\\/2021\\\/11\\\/logo_vf_enattentedapprobation_Plan-de-travail-1.png\",\"width\":1956,\"height\":1048,\"caption\":\"G\u00eete La Grange du Ch\u00e2teau\"},\"image\":{\"@id\":\"https:\\\/\\\/grangeduchateau.be\\\/#\\\/schema\\\/logo\\\/image\\\/\"},\"sameAs\":[\"https:\\\/\\\/www.facebook.com\\\/Lagrangeduchateau\"]},{\"@type\":\"Person\",\"@id\":\"https:\\\/\\\/grangeduchateau.be\\\/#\\\/schema\\\/person\\\/6046893eb1f520000c36f0a8c6a5fe8c\",\"name\":\"Thierry\",\"image\":{\"@type\":\"ImageObject\",\"inLanguage\":\"fr-FR\",\"@id\":\"https:\\\/\\\/secure.gravatar.com\\\/avatar\\\/be2a4a32a17521264cd8284432cdba89fed557f036fdf78d35079ad0388a502e?s=96&d=mm&r=g\",\"url\":\"https:\\\/\\\/secure.gravatar.com\\\/avatar\\\/be2a4a32a17521264cd8284432cdba89fed557f036fdf78d35079ad0388a502e?s=96&d=mm&r=g\",\"contentUrl\":\"https:\\\/\\\/secure.gravatar.com\\\/avatar\\\/be2a4a32a17521264cd8284432cdba89fed557f036fdf78d35079ad0388a502e?s=96&d=mm&r=g\",\"caption\":\"Thierry\"},\"url\":\"https:\\\/\\\/grangeduchateau.be\\\/?author=1\"}]}<\/script>\n<!-- \/ Yoast SEO plugin. -->","yoast_head_json":{"title":"La grange du Ch\u00e2teau dans la presse - La Grange du Ch\u00e2teau","robots":{"index":"index","follow":"follow","max-snippet":"max-snippet:-1","max-image-preview":"max-image-preview:large","max-video-preview":"max-video-preview:-1"},"canonical":"https:\/\/grangeduchateau.be\/?p=499","og_locale":"fr_FR","og_type":"article","og_title":"La grange du Ch\u00e2teau dans la presse - La Grange du Ch\u00e2teau","og_description":"Nord Eclair 13\/03\/2022 L&rsquo;avenir du 23\/02\/2022","og_url":"https:\/\/grangeduchateau.be\/?p=499","og_site_name":"La Grange du Ch\u00e2teau","article_publisher":"https:\/\/www.facebook.com\/Lagrangeduchateau","article_published_time":"2022-02-23T22:05:00+00:00","article_modified_time":"2022-12-20T08:22:48+00:00","og_image":[{"width":849,"height":699,"url":"https:\/\/grangeduchateau.be\/wp-content\/uploads\/2022\/03\/Nordeclair13_03_2022journal-e1647209671522.png","type":"image\/png"}],"author":"Thierry","twitter_card":"summary_large_image","twitter_misc":{"\u00c9crit par":"Thierry","Dur\u00e9e de lecture estim\u00e9e":"1 minute"},"schema":{"@context":"https:\/\/schema.org","@graph":[{"@type":"Article","@id":"https:\/\/grangeduchateau.be\/?p=499#article","isPartOf":{"@id":"https:\/\/grangeduchateau.be\/?p=499"},"author":{"name":"Thierry","@id":"https:\/\/grangeduchateau.be\/#\/schema\/person\/6046893eb1f520000c36f0a8c6a5fe8c"},"headline":"La grange du Ch\u00e2teau dans la presse","datePublished":"2022-02-23T22:05:00+00:00","dateModified":"2022-12-20T08:22:48+00:00","mainEntityOfPage":{"@id":"https:\/\/grangeduchateau.be\/?p=499"},"wordCount":18,"publisher":{"@id":"https:\/\/grangeduchateau.be\/#organization"},"image":{"@id":"https:\/\/grangeduchateau.be\/?p=499#primaryimage"},"thumbnailUrl":"https:\/\/grangeduchateau.be\/wp-content\/uploads\/2022\/03\/Nordeclair13_03_2022journal-e1647209671522.png","articleSection":["Presse"],"inLanguage":"fr-FR"},{"@type":"WebPage","@id":"https:\/\/grangeduchateau.be\/?p=499","url":"https:\/\/grangeduchateau.be\/?p=499","name":"La grange du Ch\u00e2teau dans la presse - La Grange du Ch\u00e2teau","isPartOf":{"@id":"https:\/\/grangeduchateau.be\/#website"},"primaryImageOfPage":{"@id":"https:\/\/grangeduchateau.be\/?p=499#primaryimage"},"image":{"@id":"https:\/\/grangeduchateau.be\/?p=499#primaryimage"},"thumbnailUrl":"https:\/\/grangeduchateau.be\/wp-content\/uploads\/2022\/03\/Nordeclair13_03_2022journal-e1647209671522.png","datePublished":"2022-02-23T22:05:00+00:00","dateModified":"2022-12-20T08:22:48+00:00","breadcrumb":{"@id":"https:\/\/grangeduchateau.be\/?p=499#breadcrumb"},"inLanguage":"fr-FR","potentialAction":[{"@type":"ReadAction","target":["https:\/\/grangeduchateau.be\/?p=499"]}]},{"@type":"ImageObject","inLanguage":"fr-FR","@id":"https:\/\/grangeduchateau.be\/?p=499#primaryimage","url":"https:\/\/grangeduchateau.be\/wp-content\/uploads\/2022\/03\/Nordeclair13_03_2022journal-e1647209671522.png","contentUrl":"https:\/\/grangeduchateau.be\/wp-content\/uploads\/2022\/03\/Nordeclair13_03_2022journal-e1647209671522.png","width":849,"height":699},{"@type":"BreadcrumbList","@id":"https:\/\/grangeduchateau.be\/?p=499#breadcrumb","itemListElement":[{"@type":"ListItem","position":1,"name":"Accueil","item":"https:\/\/grangeduchateau.be\/"},{"@type":"ListItem","position":2,"name":"La grange du Ch\u00e2teau dans la presse"}]},{"@type":"WebSite","@id":"https:\/\/grangeduchateau.be\/#website","url":"https:\/\/grangeduchateau.be\/","name":"La Grange du Ch\u00e2teau","description":"Bienvenue au G\u00eete La Grange du Ch\u00e2teau \u00e0 Estaimbourg","publisher":{"@id":"https:\/\/grangeduchateau.be\/#organization"},"potentialAction":[{"@type":"SearchAction","target":{"@type":"EntryPoint","urlTemplate":"https:\/\/grangeduchateau.be\/?s={search_term_string}"},"query-input":{"@type":"PropertyValueSpecification","valueRequired":true,"valueName":"search_term_string"}}],"inLanguage":"fr-FR"},{"@type":"Organization","@id":"https:\/\/grangeduchateau.be\/#organization","name":"G\u00eete La Grange du Ch\u00e2teau","url":"https:\/\/grangeduchateau.be\/","logo":{"@type":"ImageObject","inLanguage":"fr-FR","@id":"https:\/\/grangeduchateau.be\/#\/schema\/logo\/image\/","url":"https:\/\/grangeduchateau.be\/wp-content\/uploads\/2021\/11\/logo_vf_enattentedapprobation_Plan-de-travail-1.png","contentUrl":"https:\/\/grangeduchateau.be\/wp-content\/uploads\/2021\/11\/logo_vf_enattentedapprobation_Plan-de-travail-1.png","width":1956,"height":1048,"caption":"G\u00eete La Grange du Ch\u00e2teau"},"image":{"@id":"https:\/\/grangeduchateau.be\/#\/schema\/logo\/image\/"},"sameAs":["https:\/\/www.facebook.com\/Lagrangeduchateau"]},{"@type":"Person","@id":"https:\/\/grangeduchateau.be\/#\/schema\/person\/6046893eb1f520000c36f0a8c6a5fe8c","name":"Thierry","image":{"@type":"ImageObject","inLanguage":"fr-FR","@id":"https:\/\/secure.gravatar.com\/avatar\/be2a4a32a17521264cd8284432cdba89fed557f036fdf78d35079ad0388a502e?s=96&d=mm&r=g","url":"https:\/\/secure.gravatar.com\/avatar\/be2a4a32a17521264cd8284432cdba89fed557f036fdf78d35079ad0388a502e?s=96&d=mm&r=g","contentUrl":"https:\/\/secure.gravatar.com\/avatar\/be2a4a32a17521264cd8284432cdba89fed557f036fdf78d35079ad0388a502e?s=96&d=mm&r=g","caption":"Thierry"},"url":"https:\/\/grangeduchateau.be\/?author=1"}]}},"_links":{"self":[{"href":"https:\/\/grangeduchateau.be\/index.php?rest_route=\/wp\/v2\/posts\/499","targetHints":{"allow":["GET"]}}],"collection":[{"href":"https:\/\/grangeduchateau.be\/index.php?rest_route=\/wp\/v2\/posts"}],"about":[{"href":"https:\/\/grangeduchateau.be\/index.php?rest_route=\/wp\/v2\/types\/post"}],"author":[{"embeddable":true,"href":"https:\/\/grangeduchateau.be\/index.php?rest_route=\/wp\/v2\/users\/1"}],"replies":[{"embeddable":true,"href":"https:\/\/grangeduchateau.be\/index.php?rest_route=%2Fwp%2Fv2%2Fcomments&post=499"}],"version-history":[{"count":10,"href":"https:\/\/grangeduchateau.be\/index.php?rest_route=\/wp\/v2\/posts\/499\/revisions"}],"predecessor-version":[{"id":612,"href":"https:\/\/grangeduchateau.be\/index.php?rest_route=\/wp\/v2\/posts\/499\/revisions\/612"}],"wp:featuredmedia":[{"embeddable":true,"href":"https:\/\/grangeduchateau.be\/index.php?rest_route=\/wp\/v2\/media\/495"}],"wp:attachment":[{"href":"https:\/\/grangeduchateau.be\/index.php?rest_route=%2Fwp%2Fv2%2Fmedia&parent=499"}],"wp:term":[{"taxonomy":"category","embeddable":true,"href":"https:\/\/grangeduchateau.be\/index.php?rest_route=%2Fwp%2Fv2%2Fcategories&post=499"},{"taxonomy":"post_tag","embeddable":true,"href":"https:\/\/grangeduchateau.be\/index.php?rest_route=%2Fwp%2Fv2%2Ftags&post=499"}],"curies":[{"name":"wp","href":"https:\/\/api.w.org\/{rel}","templated":true}]}}