{"id":565,"date":"2022-11-24T09:22:37","date_gmt":"2022-11-24T08:22:37","guid":{"rendered":"https:\/\/grangeduchateau.be\/?p=565"},"modified":"2024-03-02T19:02:46","modified_gmt":"2024-03-02T18:02:46","slug":"gite-rural-3-epis","status":"publish","type":"post","link":"https:\/\/grangeduchateau.be\/?p=565","title":{"rendered":"G\u00eete rural 3 \u00e9pis"},"content":{"rendered":"\t\t<div data-elementor-type=\"wp-post\" data-elementor-id=\"565\" class=\"elementor elementor-565\">\n\t\t\t\t\t\t<section class=\"elementor-section elementor-top-section elementor-element elementor-element-3f825c2 elementor-section-boxed elementor-section-height-default elementor-section-height-default\" data-id=\"3f825c2\" data-element_type=\"section\" data-e-type=\"section\">\n\t\t\t\t\t\t<div class=\"elementor-container elementor-column-gap-default\">\n\t\t\t\t\t<div class=\"elementor-column elementor-col-100 elementor-top-column elementor-element elementor-element-79942fd\" data-id=\"79942fd\" data-element_type=\"column\" data-e-type=\"column\">\n\t\t\t<div class=\"elementor-widget-wrap elementor-element-populated\">\n\t\t\t\t\t\t<section class=\"elementor-section elementor-inner-section elementor-element elementor-element-3a4b219 elementor-section-boxed elementor-section-height-default elementor-section-height-default\" data-id=\"3a4b219\" data-element_type=\"section\" data-e-type=\"section\">\n\t\t\t\t\t\t<div class=\"elementor-container elementor-column-gap-default\">\n\t\t\t\t\t<div class=\"elementor-column elementor-col-50 elementor-inner-column elementor-element elementor-element-17561d9\" data-id=\"17561d9\" data-element_type=\"column\" data-e-type=\"column\">\n\t\t\t<div class=\"elementor-widget-wrap elementor-element-populated\">\n\t\t\t\t\t\t<div class=\"elementor-element elementor-element-d4498b5 elementor-widget elementor-widget-image\" data-id=\"d4498b5\" data-element_type=\"widget\" data-e-type=\"widget\" data-widget_type=\"image.default\">\n\t\t\t\t<div class=\"elementor-widget-container\">\n\t\t\t\t\t\t\t\t\t\t\t\t\t\t\t<img fetchpriority=\"high\" decoding=\"async\" width=\"262\" height=\"300\" src=\"https:\/\/grangeduchateau.be\/wp-content\/uploads\/2022\/11\/gite-rural-3-epis-region-wallonne-262x300.png\" class=\"attachment-medium size-medium wp-image-569\" alt=\"logo g\u00eete rural 3 \u00e9pis\" srcset=\"https:\/\/grangeduchateau.be\/wp-content\/uploads\/2022\/11\/gite-rural-3-epis-region-wallonne-262x300.png 262w, https:\/\/grangeduchateau.be\/wp-content\/uploads\/2022\/11\/gite-rural-3-epis-region-wallonne-896x1024.png 896w, https:\/\/grangeduchateau.be\/wp-content\/uploads\/2022\/11\/gite-rural-3-epis-region-wallonne-768x878.png 768w\" sizes=\"(max-width: 262px) 100vw, 262px\" \/>\t\t\t\t\t\t\t\t\t\t\t\t\t\t\t<\/div>\n\t\t\t\t<\/div>\n\t\t\t\t<div class=\"elementor-element elementor-element-d7b7760 elementor-widget elementor-widget-text-editor\" data-id=\"d7b7760\" data-element_type=\"widget\" data-e-type=\"widget\" data-widget_type=\"text-editor.default\">\n\t\t\t\t<div class=\"elementor-widget-container\">\n\t\t\t\t\t\t\t\t\t<p>Apr\u00e8s de nombreux travaux et d\u00e9marches, nous sommes reconnus par le CGT (commissariat g\u00e9n\u00e9ral au tourisme) et nous pouvons \u00e0 pr\u00e9sent utiliser la d\u00e9nomination G\u00eete rural class\u00e9 3 \u00e9pis. Une belle reconnaissance pour notre projet.<\/p>\t\t\t\t\t\t\t\t<\/div>\n\t\t\t\t<\/div>\n\t\t\t\t\t<\/div>\n\t\t<\/div>\n\t\t\t\t<div class=\"elementor-column elementor-col-50 elementor-inner-column elementor-element elementor-element-aa8de1e\" data-id=\"aa8de1e\" data-element_type=\"column\" data-e-type=\"column\">\n\t\t\t<div class=\"elementor-widget-wrap elementor-element-populated\">\n\t\t\t\t\t\t<div class=\"elementor-element elementor-element-8c2276e elementor-widget elementor-widget-image\" data-id=\"8c2276e\" data-element_type=\"widget\" data-e-type=\"widget\" data-widget_type=\"image.default\">\n\t\t\t\t<div class=\"elementor-widget-container\">\n\t\t\t\t\t\t\t\t\t\t\t\t\t\t\t<img decoding=\"async\" width=\"1544\" height=\"2141\" src=\"https:\/\/grangeduchateau.be\/wp-content\/uploads\/2022\/11\/IMG_3526.jpg\" class=\"attachment-full size-full wp-image-567\" alt=\"autorisation CGT pour la d\u00e9nomination G\u00eete rural La Grange du Ch\u00e2teau\" srcset=\"https:\/\/grangeduchateau.be\/wp-content\/uploads\/2022\/11\/IMG_3526.jpg 1544w, https:\/\/grangeduchateau.be\/wp-content\/uploads\/2022\/11\/IMG_3526-216x300.jpg 216w, https:\/\/grangeduchateau.be\/wp-content\/uploads\/2022\/11\/IMG_3526-738x1024.jpg 738w, https:\/\/grangeduchateau.be\/wp-content\/uploads\/2022\/11\/IMG_3526-768x1065.jpg 768w, https:\/\/grangeduchateau.be\/wp-content\/uploads\/2022\/11\/IMG_3526-1108x1536.jpg 1108w, https:\/\/grangeduchateau.be\/wp-content\/uploads\/2022\/11\/IMG_3526-1477x2048.jpg 1477w, https:\/\/grangeduchateau.be\/wp-content\/uploads\/2022\/11\/IMG_3526-1140x1581.jpg 1140w\" sizes=\"(max-width: 1544px) 100vw, 1544px\" \/>\t\t\t\t\t\t\t\t\t\t\t\t\t\t\t<\/div>\n\t\t\t\t<\/div>\n\t\t\t\t\t<\/div>\n\t\t<\/div>\n\t\t\t\t\t<\/div>\n\t\t<\/section>\n\t\t\t\t\t<\/div>\n\t\t<\/div>\n\t\t\t\t\t<\/div>\n\t\t<\/section>\n\t\t\t\t<\/div>\n\t\t","protected":false},"excerpt":{"rendered":"<p>Apr\u00e8s de nombreux travaux et d\u00e9marches, nous sommes reconnus par le CGT (commissariat g\u00e9n\u00e9ral au tourisme) et nous pouvons \u00e0 pr\u00e9sent utiliser la d\u00e9nomination G\u00eete rural class\u00e9 3 \u00e9pis. Une belle reconnaissance pour notre projet.<\/p>\n","protected":false},"author":1,"featured_media":569,"comment_status":"closed","ping_status":"open","sticky":false,"template":"","format":"standard","meta":{"footnotes":""},"categories":[8],"tags":[],"class_list":["post-565","post","type-post","status-publish","format-standard","has-post-thumbnail","hentry","category-information-generale"],"yoast_head":"<!-- This site is optimized with the Yoast SEO plugin v27.5 - https:\/\/yoast.com\/product\/yoast-seo-wordpress\/ -->\n<title>G\u00eete rural 3 \u00e9pis - La Grange du Ch\u00e2teau<\/title>\n<meta name=\"description\" content=\"reconnaissance du CGT et autorisation d&#039;utiliser la d\u00e9nomination g\u00eete rural class\u00e9 3 \u00e9pis pour la Grange du Chateau\" \/>\n<meta name=\"robots\" content=\"index, follow, max-snippet:-1, max-image-preview:large, max-video-preview:-1\" \/>\n<link rel=\"canonical\" href=\"https:\/\/grangeduchateau.be\/?p=565\" \/>\n<meta property=\"og:locale\" content=\"fr_FR\" \/>\n<meta property=\"og:type\" content=\"article\" \/>\n<meta property=\"og:title\" content=\"G\u00eete rural 3 \u00e9pis - La Grange du Ch\u00e2teau\" \/>\n<meta property=\"og:description\" content=\"reconnaissance du CGT et autorisation d&#039;utiliser la d\u00e9nomination g\u00eete rural class\u00e9 3 \u00e9pis pour la Grange du Chateau\" \/>\n<meta property=\"og:url\" content=\"https:\/\/grangeduchateau.be\/?p=565\" \/>\n<meta property=\"og:site_name\" content=\"La Grange du Ch\u00e2teau\" \/>\n<meta property=\"article:publisher\" content=\"https:\/\/www.facebook.com\/Lagrangeduchateau\" \/>\n<meta property=\"article:published_time\" content=\"2022-11-24T08:22:37+00:00\" \/>\n<meta property=\"article:modified_time\" content=\"2024-03-02T18:02:46+00:00\" \/>\n<meta property=\"og:image\" content=\"https:\/\/grangeduchateau.be\/wp-content\/uploads\/2022\/11\/gite-rural-3-epis-region-wallonne-e1671524699946.png\" \/>\n\t<meta property=\"og:image:width\" content=\"149\" \/>\n\t<meta property=\"og:image:height\" content=\"58\" \/>\n\t<meta property=\"og:image:type\" content=\"image\/png\" \/>\n<meta name=\"author\" content=\"Thierry\" \/>\n<meta name=\"twitter:card\" content=\"summary_large_image\" \/>\n<meta name=\"twitter:label1\" content=\"\u00c9crit par\" \/>\n\t<meta name=\"twitter:data1\" content=\"Thierry\" \/>\n\t<meta name=\"twitter:label2\" content=\"Dur\u00e9e de lecture estim\u00e9e\" \/>\n\t<meta name=\"twitter:data2\" content=\"1 minute\" \/>\n<script type=\"application\/ld+json\" class=\"yoast-schema-graph\">{\"@context\":\"https:\\\/\\\/schema.org\",\"@graph\":[{\"@type\":\"Article\",\"@id\":\"https:\\\/\\\/grangeduchateau.be\\\/?p=565#article\",\"isPartOf\":{\"@id\":\"https:\\\/\\\/grangeduchateau.be\\\/?p=565\"},\"author\":{\"name\":\"Thierry\",\"@id\":\"https:\\\/\\\/grangeduchateau.be\\\/#\\\/schema\\\/person\\\/6046893eb1f520000c36f0a8c6a5fe8c\"},\"headline\":\"G\u00eete rural 3 \u00e9pis\",\"datePublished\":\"2022-11-24T08:22:37+00:00\",\"dateModified\":\"2024-03-02T18:02:46+00:00\",\"mainEntityOfPage\":{\"@id\":\"https:\\\/\\\/grangeduchateau.be\\\/?p=565\"},\"wordCount\":44,\"publisher\":{\"@id\":\"https:\\\/\\\/grangeduchateau.be\\\/#organization\"},\"image\":{\"@id\":\"https:\\\/\\\/grangeduchateau.be\\\/?p=565#primaryimage\"},\"thumbnailUrl\":\"https:\\\/\\\/grangeduchateau.be\\\/wp-content\\\/uploads\\\/2022\\\/11\\\/gite-rural-3-epis-region-wallonne-e1671524699946.png\",\"articleSection\":[\"Information G\u00e9n\u00e9rale\"],\"inLanguage\":\"fr-FR\"},{\"@type\":\"WebPage\",\"@id\":\"https:\\\/\\\/grangeduchateau.be\\\/?p=565\",\"url\":\"https:\\\/\\\/grangeduchateau.be\\\/?p=565\",\"name\":\"G\u00eete rural 3 \u00e9pis - La Grange du Ch\u00e2teau\",\"isPartOf\":{\"@id\":\"https:\\\/\\\/grangeduchateau.be\\\/#website\"},\"primaryImageOfPage\":{\"@id\":\"https:\\\/\\\/grangeduchateau.be\\\/?p=565#primaryimage\"},\"image\":{\"@id\":\"https:\\\/\\\/grangeduchateau.be\\\/?p=565#primaryimage\"},\"thumbnailUrl\":\"https:\\\/\\\/grangeduchateau.be\\\/wp-content\\\/uploads\\\/2022\\\/11\\\/gite-rural-3-epis-region-wallonne-e1671524699946.png\",\"datePublished\":\"2022-11-24T08:22:37+00:00\",\"dateModified\":\"2024-03-02T18:02:46+00:00\",\"description\":\"reconnaissance du CGT et autorisation d'utiliser la d\u00e9nomination g\u00eete rural class\u00e9 3 \u00e9pis pour la Grange du Chateau\",\"breadcrumb\":{\"@id\":\"https:\\\/\\\/grangeduchateau.be\\\/?p=565#breadcrumb\"},\"inLanguage\":\"fr-FR\",\"potentialAction\":[{\"@type\":\"ReadAction\",\"target\":[\"https:\\\/\\\/grangeduchateau.be\\\/?p=565\"]}]},{\"@type\":\"ImageObject\",\"inLanguage\":\"fr-FR\",\"@id\":\"https:\\\/\\\/grangeduchateau.be\\\/?p=565#primaryimage\",\"url\":\"https:\\\/\\\/grangeduchateau.be\\\/wp-content\\\/uploads\\\/2022\\\/11\\\/gite-rural-3-epis-region-wallonne-e1671524699946.png\",\"contentUrl\":\"https:\\\/\\\/grangeduchateau.be\\\/wp-content\\\/uploads\\\/2022\\\/11\\\/gite-rural-3-epis-region-wallonne-e1671524699946.png\",\"width\":149,\"height\":58,\"caption\":\"logo g\u00eete rural 3 \u00e9pis\"},{\"@type\":\"BreadcrumbList\",\"@id\":\"https:\\\/\\\/grangeduchateau.be\\\/?p=565#breadcrumb\",\"itemListElement\":[{\"@type\":\"ListItem\",\"position\":1,\"name\":\"Accueil\",\"item\":\"https:\\\/\\\/grangeduchateau.be\\\/\"},{\"@type\":\"ListItem\",\"position\":2,\"name\":\"G\u00eete rural 3 \u00e9pis\"}]},{\"@type\":\"WebSite\",\"@id\":\"https:\\\/\\\/grangeduchateau.be\\\/#website\",\"url\":\"https:\\\/\\\/grangeduchateau.be\\\/\",\"name\":\"La Grange du Ch\u00e2teau\",\"description\":\"Bienvenue au G\u00eete La Grange du Ch\u00e2teau \u00e0 Estaimbourg\",\"publisher\":{\"@id\":\"https:\\\/\\\/grangeduchateau.be\\\/#organization\"},\"potentialAction\":[{\"@type\":\"SearchAction\",\"target\":{\"@type\":\"EntryPoint\",\"urlTemplate\":\"https:\\\/\\\/grangeduchateau.be\\\/?s={search_term_string}\"},\"query-input\":{\"@type\":\"PropertyValueSpecification\",\"valueRequired\":true,\"valueName\":\"search_term_string\"}}],\"inLanguage\":\"fr-FR\"},{\"@type\":\"Organization\",\"@id\":\"https:\\\/\\\/grangeduchateau.be\\\/#organization\",\"name\":\"G\u00eete La Grange du Ch\u00e2teau\",\"url\":\"https:\\\/\\\/grangeduchateau.be\\\/\",\"logo\":{\"@type\":\"ImageObject\",\"inLanguage\":\"fr-FR\",\"@id\":\"https:\\\/\\\/grangeduchateau.be\\\/#\\\/schema\\\/logo\\\/image\\\/\",\"url\":\"https:\\\/\\\/grangeduchateau.be\\\/wp-content\\\/uploads\\\/2021\\\/11\\\/logo_vf_enattentedapprobation_Plan-de-travail-1.png\",\"contentUrl\":\"https:\\\/\\\/grangeduchateau.be\\\/wp-content\\\/uploads\\\/2021\\\/11\\\/logo_vf_enattentedapprobation_Plan-de-travail-1.png\",\"width\":1956,\"height\":1048,\"caption\":\"G\u00eete La Grange du Ch\u00e2teau\"},\"image\":{\"@id\":\"https:\\\/\\\/grangeduchateau.be\\\/#\\\/schema\\\/logo\\\/image\\\/\"},\"sameAs\":[\"https:\\\/\\\/www.facebook.com\\\/Lagrangeduchateau\"]},{\"@type\":\"Person\",\"@id\":\"https:\\\/\\\/grangeduchateau.be\\\/#\\\/schema\\\/person\\\/6046893eb1f520000c36f0a8c6a5fe8c\",\"name\":\"Thierry\",\"image\":{\"@type\":\"ImageObject\",\"inLanguage\":\"fr-FR\",\"@id\":\"https:\\\/\\\/secure.gravatar.com\\\/avatar\\\/be2a4a32a17521264cd8284432cdba89fed557f036fdf78d35079ad0388a502e?s=96&d=mm&r=g\",\"url\":\"https:\\\/\\\/secure.gravatar.com\\\/avatar\\\/be2a4a32a17521264cd8284432cdba89fed557f036fdf78d35079ad0388a502e?s=96&d=mm&r=g\",\"contentUrl\":\"https:\\\/\\\/secure.gravatar.com\\\/avatar\\\/be2a4a32a17521264cd8284432cdba89fed557f036fdf78d35079ad0388a502e?s=96&d=mm&r=g\",\"caption\":\"Thierry\"},\"url\":\"https:\\\/\\\/grangeduchateau.be\\\/?author=1\"}]}<\/script>\n<!-- \/ Yoast SEO plugin. -->","yoast_head_json":{"title":"G\u00eete rural 3 \u00e9pis - La Grange du Ch\u00e2teau","description":"reconnaissance du CGT et autorisation d'utiliser la d\u00e9nomination g\u00eete rural class\u00e9 3 \u00e9pis pour la Grange du Chateau","robots":{"index":"index","follow":"follow","max-snippet":"max-snippet:-1","max-image-preview":"max-image-preview:large","max-video-preview":"max-video-preview:-1"},"canonical":"https:\/\/grangeduchateau.be\/?p=565","og_locale":"fr_FR","og_type":"article","og_title":"G\u00eete rural 3 \u00e9pis - La Grange du Ch\u00e2teau","og_description":"reconnaissance du CGT et autorisation d'utiliser la d\u00e9nomination g\u00eete rural class\u00e9 3 \u00e9pis pour la Grange du Chateau","og_url":"https:\/\/grangeduchateau.be\/?p=565","og_site_name":"La Grange du Ch\u00e2teau","article_publisher":"https:\/\/www.facebook.com\/Lagrangeduchateau","article_published_time":"2022-11-24T08:22:37+00:00","article_modified_time":"2024-03-02T18:02:46+00:00","og_image":[{"width":149,"height":58,"url":"https:\/\/grangeduchateau.be\/wp-content\/uploads\/2022\/11\/gite-rural-3-epis-region-wallonne-e1671524699946.png","type":"image\/png"}],"author":"Thierry","twitter_card":"summary_large_image","twitter_misc":{"\u00c9crit par":"Thierry","Dur\u00e9e de lecture estim\u00e9e":"1 minute"},"schema":{"@context":"https:\/\/schema.org","@graph":[{"@type":"Article","@id":"https:\/\/grangeduchateau.be\/?p=565#article","isPartOf":{"@id":"https:\/\/grangeduchateau.be\/?p=565"},"author":{"name":"Thierry","@id":"https:\/\/grangeduchateau.be\/#\/schema\/person\/6046893eb1f520000c36f0a8c6a5fe8c"},"headline":"G\u00eete rural 3 \u00e9pis","datePublished":"2022-11-24T08:22:37+00:00","dateModified":"2024-03-02T18:02:46+00:00","mainEntityOfPage":{"@id":"https:\/\/grangeduchateau.be\/?p=565"},"wordCount":44,"publisher":{"@id":"https:\/\/grangeduchateau.be\/#organization"},"image":{"@id":"https:\/\/grangeduchateau.be\/?p=565#primaryimage"},"thumbnailUrl":"https:\/\/grangeduchateau.be\/wp-content\/uploads\/2022\/11\/gite-rural-3-epis-region-wallonne-e1671524699946.png","articleSection":["Information G\u00e9n\u00e9rale"],"inLanguage":"fr-FR"},{"@type":"WebPage","@id":"https:\/\/grangeduchateau.be\/?p=565","url":"https:\/\/grangeduchateau.be\/?p=565","name":"G\u00eete rural 3 \u00e9pis - La Grange du Ch\u00e2teau","isPartOf":{"@id":"https:\/\/grangeduchateau.be\/#website"},"primaryImageOfPage":{"@id":"https:\/\/grangeduchateau.be\/?p=565#primaryimage"},"image":{"@id":"https:\/\/grangeduchateau.be\/?p=565#primaryimage"},"thumbnailUrl":"https:\/\/grangeduchateau.be\/wp-content\/uploads\/2022\/11\/gite-rural-3-epis-region-wallonne-e1671524699946.png","datePublished":"2022-11-24T08:22:37+00:00","dateModified":"2024-03-02T18:02:46+00:00","description":"reconnaissance du CGT et autorisation d'utiliser la d\u00e9nomination g\u00eete rural class\u00e9 3 \u00e9pis pour la Grange du Chateau","breadcrumb":{"@id":"https:\/\/grangeduchateau.be\/?p=565#breadcrumb"},"inLanguage":"fr-FR","potentialAction":[{"@type":"ReadAction","target":["https:\/\/grangeduchateau.be\/?p=565"]}]},{"@type":"ImageObject","inLanguage":"fr-FR","@id":"https:\/\/grangeduchateau.be\/?p=565#primaryimage","url":"https:\/\/grangeduchateau.be\/wp-content\/uploads\/2022\/11\/gite-rural-3-epis-region-wallonne-e1671524699946.png","contentUrl":"https:\/\/grangeduchateau.be\/wp-content\/uploads\/2022\/11\/gite-rural-3-epis-region-wallonne-e1671524699946.png","width":149,"height":58,"caption":"logo g\u00eete rural 3 \u00e9pis"},{"@type":"BreadcrumbList","@id":"https:\/\/grangeduchateau.be\/?p=565#breadcrumb","itemListElement":[{"@type":"ListItem","position":1,"name":"Accueil","item":"https:\/\/grangeduchateau.be\/"},{"@type":"ListItem","position":2,"name":"G\u00eete rural 3 \u00e9pis"}]},{"@type":"WebSite","@id":"https:\/\/grangeduchateau.be\/#website","url":"https:\/\/grangeduchateau.be\/","name":"La Grange du Ch\u00e2teau","description":"Bienvenue au G\u00eete La Grange du Ch\u00e2teau \u00e0 Estaimbourg","publisher":{"@id":"https:\/\/grangeduchateau.be\/#organization"},"potentialAction":[{"@type":"SearchAction","target":{"@type":"EntryPoint","urlTemplate":"https:\/\/grangeduchateau.be\/?s={search_term_string}"},"query-input":{"@type":"PropertyValueSpecification","valueRequired":true,"valueName":"search_term_string"}}],"inLanguage":"fr-FR"},{"@type":"Organization","@id":"https:\/\/grangeduchateau.be\/#organization","name":"G\u00eete La Grange du Ch\u00e2teau","url":"https:\/\/grangeduchateau.be\/","logo":{"@type":"ImageObject","inLanguage":"fr-FR","@id":"https:\/\/grangeduchateau.be\/#\/schema\/logo\/image\/","url":"https:\/\/grangeduchateau.be\/wp-content\/uploads\/2021\/11\/logo_vf_enattentedapprobation_Plan-de-travail-1.png","contentUrl":"https:\/\/grangeduchateau.be\/wp-content\/uploads\/2021\/11\/logo_vf_enattentedapprobation_Plan-de-travail-1.png","width":1956,"height":1048,"caption":"G\u00eete La Grange du Ch\u00e2teau"},"image":{"@id":"https:\/\/grangeduchateau.be\/#\/schema\/logo\/image\/"},"sameAs":["https:\/\/www.facebook.com\/Lagrangeduchateau"]},{"@type":"Person","@id":"https:\/\/grangeduchateau.be\/#\/schema\/person\/6046893eb1f520000c36f0a8c6a5fe8c","name":"Thierry","image":{"@type":"ImageObject","inLanguage":"fr-FR","@id":"https:\/\/secure.gravatar.com\/avatar\/be2a4a32a17521264cd8284432cdba89fed557f036fdf78d35079ad0388a502e?s=96&d=mm&r=g","url":"https:\/\/secure.gravatar.com\/avatar\/be2a4a32a17521264cd8284432cdba89fed557f036fdf78d35079ad0388a502e?s=96&d=mm&r=g","contentUrl":"https:\/\/secure.gravatar.com\/avatar\/be2a4a32a17521264cd8284432cdba89fed557f036fdf78d35079ad0388a502e?s=96&d=mm&r=g","caption":"Thierry"},"url":"https:\/\/grangeduchateau.be\/?author=1"}]}},"_links":{"self":[{"href":"https:\/\/grangeduchateau.be\/index.php?rest_route=\/wp\/v2\/posts\/565","targetHints":{"allow":["GET"]}}],"collection":[{"href":"https:\/\/grangeduchateau.be\/index.php?rest_route=\/wp\/v2\/posts"}],"about":[{"href":"https:\/\/grangeduchateau.be\/index.php?rest_route=\/wp\/v2\/types\/post"}],"author":[{"embeddable":true,"href":"https:\/\/grangeduchateau.be\/index.php?rest_route=\/wp\/v2\/users\/1"}],"replies":[{"embeddable":true,"href":"https:\/\/grangeduchateau.be\/index.php?rest_route=%2Fwp%2Fv2%2Fcomments&post=565"}],"version-history":[{"count":15,"href":"https:\/\/grangeduchateau.be\/index.php?rest_route=\/wp\/v2\/posts\/565\/revisions"}],"predecessor-version":[{"id":582,"href":"https:\/\/grangeduchateau.be\/index.php?rest_route=\/wp\/v2\/posts\/565\/revisions\/582"}],"wp:featuredmedia":[{"embeddable":true,"href":"https:\/\/grangeduchateau.be\/index.php?rest_route=\/wp\/v2\/media\/569"}],"wp:attachment":[{"href":"https:\/\/grangeduchateau.be\/index.php?rest_route=%2Fwp%2Fv2%2Fmedia&parent=565"}],"wp:term":[{"taxonomy":"category","embeddable":true,"href":"https:\/\/grangeduchateau.be\/index.php?rest_route=%2Fwp%2Fv2%2Fcategories&post=565"},{"taxonomy":"post_tag","embeddable":true,"href":"https:\/\/grangeduchateau.be\/index.php?rest_route=%2Fwp%2Fv2%2Ftags&post=565"}],"curies":[{"name":"wp","href":"https:\/\/api.w.org\/{rel}","templated":true}]}}